{"id":2842,"date":"2022-05-18T14:42:02","date_gmt":"2022-05-18T18:42:02","guid":{"rendered":"http:\/\/biomedicas.unp.edu.py\/?p=2842"},"modified":"2022-05-18T14:42:06","modified_gmt":"2022-05-18T18:42:06","slug":"alerta-por-aumento-de-virus-respiratorios","status":"publish","type":"post","link":"https:\/\/biomedicas.unp.edu.py\/?p=2842","title":{"rendered":"Alerta por aumento de virus respiratorios"},"content":{"rendered":"\n<figure class=\"wp-block-image size-large\"><img fetchpriority=\"high\" decoding=\"async\" width=\"870\" height=\"311\" src=\"http:\/\/biomedicas.unp.edu.py\/wp-content\/uploads\/2022\/05\/915209-ALERTA.png\" alt=\"\" class=\"wp-image-2841\" srcset=\"https:\/\/biomedicas.unp.edu.py\/wp-content\/uploads\/2022\/05\/915209-ALERTA.png 870w, https:\/\/biomedicas.unp.edu.py\/wp-content\/uploads\/2022\/05\/915209-ALERTA-300x107.png 300w, https:\/\/biomedicas.unp.edu.py\/wp-content\/uploads\/2022\/05\/915209-ALERTA-768x275.png 768w\" sizes=\"(max-width: 870px) 100vw, 870px\" \/><\/figure>\n\n\n\n<p>La Direcci\u00f3n General de Vigilancia de la Salud activa \u201cAlerta Epidemiol\u00f3gica ante el aumento de circulaci\u00f3n de virus respiratorios con predominio del virus sincitial respiratorio (VSR) e influenza A H3N2\u201d.<\/p>\n\n\n\n<p>El Sistema de Vigilancia de Influenza y Otros Virus Respiratorios (ETI e IRAG) evidencia en las \u00faltimas semanas un incremento en las infecciones respiratorias. El n\u00famero de consultas por enfermedades tipo influenza y neumon\u00edas graves se acrecent\u00f3 en las \u00faltimas tres semanas, as\u00ed como los casos de hospitalizados en menores de 2 a\u00f1os.<\/p>\n\n\n\n<p>El monitoreo de circulaci\u00f3n viral detect\u00f3 incremento en la actividad de Virus Sincitial Respiratorio, Influenza A H3N2, SARS-CoV2, Adenovirus y Metapnemovirus a partir de la semana epidemiol\u00f3gica (SE) 14, con un aumento progresivo en la detecci\u00f3n del virus sincitial respiratorio en hospitalizados por infecciones respiratorias agudas graves (IRAG) en menores de 2 a\u00f1os, en las \u00faltimas semanas.<\/p>\n\n\n\n<p>Hist\u00f3ricamente, el per\u00edodo que concentra el mayor n\u00famero de casos de Infecciones Respiratorias Agudas inicia a finales del mes de mayo, extendi\u00e9ndose hasta finales de agosto, considerando dos a\u00f1os de circulaci\u00f3n escasa de virus respiratorios debido a la pandemia por SARS-CoV2 esto podr\u00eda modificarse y representar un riesgo incrementado.<\/p>\n\n\n\n<p>Ante este escenario, se solicita a los servicios de salud que fortalezcan las acciones en sus componentes de atenci\u00f3n y manejo cl\u00ednico, vigilancia epidemiol\u00f3gica y promoci\u00f3n de la salud.<\/p>\n\n\n\n<p>El aumento de casos ambulatorios antecede al aumento de hospitalizaciones, por lo que es esperable que se tengan casos de gripe con el riesgo potencial de complicaci\u00f3n y cuadros de bronquiolitis en lactantes. Ambas situaciones pueden incrementar la demanda de atenci\u00f3n por Infecciones Respiratorias Agudas Graves (IRAG) en la red asistencial.<\/p>\n\n\n\n<p><strong>A tener en cuenta<\/strong><\/p>\n\n\n\n<p><strong>Ni\u00f1os:<\/strong>&nbsp;si presentan s\u00edntomas respiratorios llevarlos a la consulta temprana, los menores de 5 a\u00f1os de edad deben estar al d\u00eda con el calendario nacional de vacunaci\u00f3n y contar con la vacuna antigripal seg\u00fan esquema de edad. Ni\u00f1os de 5 a 11 a\u00f1os deben completar el esquema de dos dosis de la vacuna contra la COVID-19 y aplicarse la vacuna contra Influenza.<\/p>\n\n\n\n<p><strong>Adultos:&nbsp;<\/strong>deben aplicarse la vacuna antigripal y la anticovid seg\u00fan el esquema correspondiente de administraci\u00f3n en la poblaci\u00f3n.<\/p>\n\n\n\n<p><strong>Medidas de prevenci\u00f3n:<\/strong><\/p>\n\n\n\n<p>\u2981&nbsp; &nbsp; Vacunarse contra la influenza y completar el esquema de 3 dosis de vacuna contra la COVID-19.<\/p>\n\n\n\n<p>\u2981&nbsp; &nbsp; Limitar la exposici\u00f3n de las personas con mayor riesgo (reci\u00e9n nacidos, lactantes menores de 6 meses y adultos mayores) a aglomeraciones, a otros ni\u00f1os y a personas resfriadas.<\/p>\n\n\n\n<p>\u2981&nbsp; &nbsp; Lavarse las manos con frecuencia con agua y jab\u00f3n.&nbsp;<\/p>\n\n\n\n<p>\u2981&nbsp; &nbsp; Favorecer la lactancia materna.<\/p>\n\n\n\n<p>\u2981&nbsp; &nbsp; Cubrirse la nariz y la boca al toser y estornudar (con el \u00e1ngulo interno del codo o con un pa\u00f1uelo desechable).<\/p>\n\n\n\n<p>\u2981&nbsp; &nbsp; Mantener, en lo posible, distancia con las personas que no viven con usted.<\/p>\n\n\n\n<p>\u2981&nbsp; &nbsp; Las personas con s\u00edntomas de infecci\u00f3n respiratoria aguda deber\u00e1n permanecer en su domicilio cumpliendo con las medidas para evitar la transmisi\u00f3n, evitar acudir a actividades laborales, educativas o lugares p\u00fablicos hasta la resoluci\u00f3n del cuadro cl\u00ednico.&nbsp;<\/p>\n\n\n\n<p>\u2981&nbsp; &nbsp; Evitar las aglomeraciones y los espacios interiores con mala ventilaci\u00f3n.<\/p>\n\n\n\n<p>\u2981&nbsp; &nbsp; No compartir cubiertos ni vasos.<\/p>\n\n\n\n<p>\u2981&nbsp; &nbsp; Mantener limpias las superficies de contacto como picaportes y objetos de uso com\u00fan.<\/p>\n\n\n\n<p>\u2981&nbsp; &nbsp; Implementar la estrategia de \u201cfiltros de supervisi\u00f3n\u201d para entidades educativas y lugares de trabajo.<\/p>\n\n\n\n<p>\u2981\u00a0 \u00a0 Es recomendable el uso de mascarilla que cubra la nariz y la boca para protegerse y proteger a los dem\u00e1s, en lugares cerrados y con mala ventilaci\u00f3n.<\/p>\n\n\n\n<p>Fuente: Ministerio de Salud P\u00fablica y Bienestar Social:  https:\/\/www.mspbs.gov.py\/portal\/25369\/alerta-por-aumento-de-virus-respiratorios.html<\/p>\n","protected":false},"excerpt":{"rendered":"<p>La Direcci\u00f3n General de Vigilancia de la Salud activa \u201cAlerta Epidemiol\u00f3gica ante el aumento de circulaci\u00f3n de virus respiratorios con predominio del virus sincitial respiratorio (VSR) e influenza A H3N2\u201d. El Sistema de Vigilancia de Influenza y Otros Virus Respiratorios (ETI e IRAG) evidencia en las \u00faltimas semanas un incremento en las infecciones respiratorias. El [&hellip;]<\/p>\n","protected":false},"author":4,"featured_media":0,"comment_status":"closed","ping_status":"closed","sticky":false,"template":"","format":"standard","meta":{"site-sidebar-layout":"default","site-content-layout":"","ast-site-content-layout":"default","site-content-style":"default","site-sidebar-style":"default","ast-global-header-display":"","ast-banner-title-visibility":"","ast-main-header-display":"","ast-hfb-above-header-display":"","ast-hfb-below-header-display":"","ast-hfb-mobile-header-display":"","site-post-title":"","ast-breadcrumbs-content":"","ast-featured-img":"","footer-sml-layout":"","ast-disable-related-posts":"","theme-transparent-header-meta":"","adv-header-id-meta":"","stick-header-meta":"","header-above-stick-meta":"","header-main-stick-meta":"","header-below-stick-meta":"","astra-migrate-meta-layouts":"default","ast-page-background-enabled":"default","ast-page-background-meta":{"desktop":{"background-color":"var(--ast-global-color-4)","background-image":"","background-repeat":"repeat","background-position":"center center","background-size":"auto","background-attachment":"scroll","background-type":"","background-media":"","overlay-type":"","overlay-color":"","overlay-opacity":"","overlay-gradient":""},"tablet":{"background-color":"","background-image":"","background-repeat":"repeat","background-position":"center center","background-size":"auto","background-attachment":"scroll","background-type":"","background-media":"","overlay-type":"","overlay-color":"","overlay-opacity":"","overlay-gradient":""},"mobile":{"background-color":"","background-image":"","background-repeat":"repeat","background-position":"center center","background-size":"auto","background-attachment":"scroll","background-type":"","background-media":"","overlay-type":"","overlay-color":"","overlay-opacity":"","overlay-gradient":""}},"ast-content-background-meta":{"desktop":{"background-color":"var(--ast-global-color-5)","background-image":"","background-repeat":"repeat","background-position":"center center","background-size":"auto","background-attachment":"scroll","background-type":"","background-media":"","overlay-type":"","overlay-color":"","overlay-opacity":"","overlay-gradient":""},"tablet":{"background-color":"var(--ast-global-color-5)","background-image":"","background-repeat":"repeat","background-position":"center center","background-size":"auto","background-attachment":"scroll","background-type":"","background-media":"","overlay-type":"","overlay-color":"","overlay-opacity":"","overlay-gradient":""},"mobile":{"background-color":"var(--ast-global-color-5)","background-image":"","background-repeat":"repeat","background-position":"center center","background-size":"auto","background-attachment":"scroll","background-type":"","background-media":"","overlay-type":"","overlay-color":"","overlay-opacity":"","overlay-gradient":""}},"iawp_total_views":6,"footnotes":""},"categories":[5],"tags":[],"class_list":["post-2842","post","type-post","status-publish","format-standard","hentry","category-noticias"],"_links":{"self":[{"href":"https:\/\/biomedicas.unp.edu.py\/index.php?rest_route=\/wp\/v2\/posts\/2842","targetHints":{"allow":["GET"]}}],"collection":[{"href":"https:\/\/biomedicas.unp.edu.py\/index.php?rest_route=\/wp\/v2\/posts"}],"about":[{"href":"https:\/\/biomedicas.unp.edu.py\/index.php?rest_route=\/wp\/v2\/types\/post"}],"author":[{"embeddable":true,"href":"https:\/\/biomedicas.unp.edu.py\/index.php?rest_route=\/wp\/v2\/users\/4"}],"replies":[{"embeddable":true,"href":"https:\/\/biomedicas.unp.edu.py\/index.php?rest_route=%2Fwp%2Fv2%2Fcomments&post=2842"}],"version-history":[{"count":1,"href":"https:\/\/biomedicas.unp.edu.py\/index.php?rest_route=\/wp\/v2\/posts\/2842\/revisions"}],"predecessor-version":[{"id":2843,"href":"https:\/\/biomedicas.unp.edu.py\/index.php?rest_route=\/wp\/v2\/posts\/2842\/revisions\/2843"}],"wp:attachment":[{"href":"https:\/\/biomedicas.unp.edu.py\/index.php?rest_route=%2Fwp%2Fv2%2Fmedia&parent=2842"}],"wp:term":[{"taxonomy":"category","embeddable":true,"href":"https:\/\/biomedicas.unp.edu.py\/index.php?rest_route=%2Fwp%2Fv2%2Fcategories&post=2842"},{"taxonomy":"post_tag","embeddable":true,"href":"https:\/\/biomedicas.unp.edu.py\/index.php?rest_route=%2Fwp%2Fv2%2Ftags&post=2842"}],"curies":[{"name":"wp","href":"https:\/\/api.w.org\/{rel}","templated":true}]}}