{"id":3250,"date":"2023-02-06T12:06:36","date_gmt":"2023-02-06T15:06:36","guid":{"rendered":"http:\/\/biomedicas.unp.edu.py\/?p=3250"},"modified":"2023-03-22T12:18:18","modified_gmt":"2023-03-22T15:18:18","slug":"hospital-regional-de-pilar-recibe-a-estudiantes-y-pasantes-de-la-facultad-de-ciencias-biomedicas-2","status":"publish","type":"post","link":"https:\/\/biomedicas.unp.edu.py\/?p=3250","title":{"rendered":"HOSPITAL REGIONAL DE PILAR, RECIBE A ESTUDIANTES Y PASANTES DE LA FACULTAD DE CIENCIAS BIOM\u00c9DICAS"},"content":{"rendered":"\n<figure class=\"wp-block-image size-large\"><img fetchpriority=\"high\" decoding=\"async\" width=\"1024\" height=\"405\" src=\"http:\/\/biomedicas.unp.edu.py\/wp-content\/uploads\/2023\/02\/WhatsApp-Image-2023-02-06-at-12.04.46-PM-1024x405.jpeg\" alt=\"\" class=\"wp-image-3249\" srcset=\"https:\/\/biomedicas.unp.edu.py\/wp-content\/uploads\/2023\/02\/WhatsApp-Image-2023-02-06-at-12.04.46-PM-1024x405.jpeg 1024w, https:\/\/biomedicas.unp.edu.py\/wp-content\/uploads\/2023\/02\/WhatsApp-Image-2023-02-06-at-12.04.46-PM-300x119.jpeg 300w, https:\/\/biomedicas.unp.edu.py\/wp-content\/uploads\/2023\/02\/WhatsApp-Image-2023-02-06-at-12.04.46-PM-768x304.jpeg 768w, https:\/\/biomedicas.unp.edu.py\/wp-content\/uploads\/2023\/02\/WhatsApp-Image-2023-02-06-at-12.04.46-PM-1536x608.jpeg 1536w, https:\/\/biomedicas.unp.edu.py\/wp-content\/uploads\/2023\/02\/WhatsApp-Image-2023-02-06-at-12.04.46-PM.jpeg 1599w\" sizes=\"(max-width: 1024px) 100vw, 1024px\" \/><\/figure>\n\n\n\n<p>En el marco del Convenio Interinstitucional entre el\nMinisterio de Salud P\u00fablica y Bienestar Social y la Facultad de Ciencias\nBiom\u00e9dicas de la Universidad Nacional de Pilar. <\/p>\n\n\n\n<p>En la\nfecha, en el Hospital Regional de Pilar de la XII Regi\u00f3n Sanitaria de \u00d1eembuc\u00fa,\nse realiz\u00f3 una importante reuni\u00f3n de presentaci\u00f3n de Estudiantes y pasantes de\nla Carrera de Enfermer\u00eda de la Facultad de Ciencias Biom\u00e9dicas de la\nUniversidad Nacional de Pilar, con autoridades del Hospital y de la Facultad de\nCiencias Biom\u00e9dicas.<\/p>\n\n\n\n<p>Con el\nobjetivo de proseguir con las practicas hospitalarias supervisadas,\nparticiparon de la reuni\u00f3n el Dr. An\u00edbal Vera Lima, Director del Hospital\nRegional de Pilar, Coordinadores de \u00e1reas de Enfermer\u00eda, Directora Acad\u00e9mica de\nla Facultad de Ciencias Biom\u00e9dicas, Coordinador de la Carrera de Enfermer\u00eda,\nCoordinadora de Pr\u00e1cticas y Pasant\u00edas y Tutores de Pr\u00e1cticas y Pasant\u00edas<\/p>\n","protected":false},"excerpt":{"rendered":"<p>En el marco del Convenio Interinstitucional entre el Ministerio de Salud P\u00fablica y Bienestar Social y la Facultad de Ciencias Biom\u00e9dicas de la Universidad Nacional de Pilar. En la fecha, en el Hospital Regional de Pilar de la XII Regi\u00f3n Sanitaria de \u00d1eembuc\u00fa, se realiz\u00f3 una importante reuni\u00f3n de presentaci\u00f3n de Estudiantes y pasantes de [&hellip;]<\/p>\n","protected":false},"author":4,"featured_media":3249,"comment_status":"closed","ping_status":"closed","sticky":false,"template":"","format":"standard","meta":{"site-sidebar-layout":"default","site-content-layout":"","ast-site-content-layout":"default","site-content-style":"default","site-sidebar-style":"default","ast-global-header-display":"","ast-banner-title-visibility":"","ast-main-header-display":"","ast-hfb-above-header-display":"","ast-hfb-below-header-display":"","ast-hfb-mobile-header-display":"","site-post-title":"","ast-breadcrumbs-content":"","ast-featured-img":"","footer-sml-layout":"","ast-disable-related-posts":"","theme-transparent-header-meta":"","adv-header-id-meta":"","stick-header-meta":"","header-above-stick-meta":"","header-main-stick-meta":"","header-below-stick-meta":"","astra-migrate-meta-layouts":"default","ast-page-background-enabled":"default","ast-page-background-meta":{"desktop":{"background-color":"var(--ast-global-color-4)","background-image":"","background-repeat":"repeat","background-position":"center center","background-size":"auto","background-attachment":"scroll","background-type":"","background-media":"","overlay-type":"","overlay-color":"","overlay-opacity":"","overlay-gradient":""},"tablet":{"background-color":"","background-image":"","background-repeat":"repeat","background-position":"center center","background-size":"auto","background-attachment":"scroll","background-type":"","background-media":"","overlay-type":"","overlay-color":"","overlay-opacity":"","overlay-gradient":""},"mobile":{"background-color":"","background-image":"","background-repeat":"repeat","background-position":"center center","background-size":"auto","background-attachment":"scroll","background-type":"","background-media":"","overlay-type":"","overlay-color":"","overlay-opacity":"","overlay-gradient":""}},"ast-content-background-meta":{"desktop":{"background-color":"var(--ast-global-color-5)","background-image":"","background-repeat":"repeat","background-position":"center center","background-size":"auto","background-attachment":"scroll","background-type":"","background-media":"","overlay-type":"","overlay-color":"","overlay-opacity":"","overlay-gradient":""},"tablet":{"background-color":"var(--ast-global-color-5)","background-image":"","background-repeat":"repeat","background-position":"center center","background-size":"auto","background-attachment":"scroll","background-type":"","background-media":"","overlay-type":"","overlay-color":"","overlay-opacity":"","overlay-gradient":""},"mobile":{"background-color":"var(--ast-global-color-5)","background-image":"","background-repeat":"repeat","background-position":"center center","background-size":"auto","background-attachment":"scroll","background-type":"","background-media":"","overlay-type":"","overlay-color":"","overlay-opacity":"","overlay-gradient":""}},"iawp_total_views":2,"footnotes":""},"categories":[11,10,5,7,1],"tags":[],"class_list":["post-3250","post","type-post","status-publish","format-standard","has-post-thumbnail","hentry","category-actividades-academicas","category-eventos","category-noticias","category-practicas","category-uncategorized"],"_links":{"self":[{"href":"https:\/\/biomedicas.unp.edu.py\/index.php?rest_route=\/wp\/v2\/posts\/3250","targetHints":{"allow":["GET"]}}],"collection":[{"href":"https:\/\/biomedicas.unp.edu.py\/index.php?rest_route=\/wp\/v2\/posts"}],"about":[{"href":"https:\/\/biomedicas.unp.edu.py\/index.php?rest_route=\/wp\/v2\/types\/post"}],"author":[{"embeddable":true,"href":"https:\/\/biomedicas.unp.edu.py\/index.php?rest_route=\/wp\/v2\/users\/4"}],"replies":[{"embeddable":true,"href":"https:\/\/biomedicas.unp.edu.py\/index.php?rest_route=%2Fwp%2Fv2%2Fcomments&post=3250"}],"version-history":[{"count":1,"href":"https:\/\/biomedicas.unp.edu.py\/index.php?rest_route=\/wp\/v2\/posts\/3250\/revisions"}],"predecessor-version":[{"id":3251,"href":"https:\/\/biomedicas.unp.edu.py\/index.php?rest_route=\/wp\/v2\/posts\/3250\/revisions\/3251"}],"wp:featuredmedia":[{"embeddable":true,"href":"https:\/\/biomedicas.unp.edu.py\/index.php?rest_route=\/wp\/v2\/media\/3249"}],"wp:attachment":[{"href":"https:\/\/biomedicas.unp.edu.py\/index.php?rest_route=%2Fwp%2Fv2%2Fmedia&parent=3250"}],"wp:term":[{"taxonomy":"category","embeddable":true,"href":"https:\/\/biomedicas.unp.edu.py\/index.php?rest_route=%2Fwp%2Fv2%2Fcategories&post=3250"},{"taxonomy":"post_tag","embeddable":true,"href":"https:\/\/biomedicas.unp.edu.py\/index.php?rest_route=%2Fwp%2Fv2%2Ftags&post=3250"}],"curies":[{"name":"wp","href":"https:\/\/api.w.org\/{rel}","templated":true}]}}