{"id":3590,"date":"2023-04-27T16:43:37","date_gmt":"2023-04-27T20:43:37","guid":{"rendered":"https:\/\/biomedicas.unp.edu.py\/?p=3590"},"modified":"2023-05-18T15:35:23","modified_gmt":"2023-05-18T19:35:23","slug":"jornada-taller-de-plan-estrategico-y-plan-operativo-anual-2023","status":"publish","type":"post","link":"https:\/\/biomedicas.unp.edu.py\/?p=3590","title":{"rendered":"JORNADA TALLER DE PLAN ESTRAT\u00c9GICO Y PLAN OPERATIVO ANUAL 2023"},"content":{"rendered":"\n<figure class=\"wp-block-image size-full\"><a href=\"http:\/\/biomedicas.unp.edu.py\/wp-content\/uploads\/2023\/04\/WhatsApp-Image-2023-04-27-at-16.37.43.jpeg\"><img fetchpriority=\"high\" decoding=\"async\" width=\"720\" height=\"540\" src=\"http:\/\/biomedicas.unp.edu.py\/wp-content\/uploads\/2023\/04\/WhatsApp-Image-2023-04-27-at-16.37.43.jpeg\" alt=\"\" class=\"wp-image-3589\" srcset=\"https:\/\/biomedicas.unp.edu.py\/wp-content\/uploads\/2023\/04\/WhatsApp-Image-2023-04-27-at-16.37.43.jpeg 720w, https:\/\/biomedicas.unp.edu.py\/wp-content\/uploads\/2023\/04\/WhatsApp-Image-2023-04-27-at-16.37.43-300x225.jpeg 300w\" sizes=\"(max-width: 720px) 100vw, 720px\" \/><\/a><\/figure>\n\n\n\n<p>La misma fue convocada por el Comit\u00e9 de Pol\u00edticas del conocimiento de la UNP. Durante el acto, hizo uso de la palabra el Se\u00f1or Rector Dr. V\u00edctor R\u00edos, quien mencion\u00f3 los lineamientos estrat\u00e9gicos que se abordar\u00e1n en este PE y los desaf\u00edos que se asumen desde la UNP con el modelo sociocritco que se aplicar\u00e1n en las gestiones institucionales.<\/p>\n\n\n\n<p>La jornada se llev\u00f3 a cabo en el sal\u00f3n auditorio de la Facultad de Derecho, Ciencias Pol\u00edticas y Sociales de la UNP, el pasado lunes 20 de febrero.<\/p>\n\n\n\n<p>Por parte de la Facultad de Ciencias Biom\u00e9dicas participaron:<br \/>Decano<br \/>Direcci\u00f3n Acad\u00e9mica<br \/>Coordinaci\u00f3n de Carrera<br \/>Unidad de Investigaci\u00f3n<br \/>Unidad de Extensi\u00f3n<br \/>Unidad de Gesti\u00f3n de la Informaci\u00f3n<br \/>Unidad de Grado y Postgrado<\/p>\n","protected":false},"excerpt":{"rendered":"<p>La misma fue convocada por el Comit\u00e9 de Pol\u00edticas del conocimiento de la UNP. Durante el acto, hizo uso de la palabra el Se\u00f1or Rector Dr. V\u00edctor R\u00edos, quien mencion\u00f3 los lineamientos estrat\u00e9gicos que se abordar\u00e1n en este PE y los desaf\u00edos que se asumen desde la UNP con el modelo sociocritco que se aplicar\u00e1n [&hellip;]<\/p>\n","protected":false},"author":9,"featured_media":3589,"comment_status":"closed","ping_status":"closed","sticky":false,"template":"","format":"standard","meta":{"site-sidebar-layout":"default","site-content-layout":"","ast-site-content-layout":"default","site-content-style":"default","site-sidebar-style":"default","ast-global-header-display":"","ast-banner-title-visibility":"","ast-main-header-display":"","ast-hfb-above-header-display":"","ast-hfb-below-header-display":"","ast-hfb-mobile-header-display":"","site-post-title":"","ast-breadcrumbs-content":"","ast-featured-img":"","footer-sml-layout":"","ast-disable-related-posts":"","theme-transparent-header-meta":"","adv-header-id-meta":"","stick-header-meta":"","header-above-stick-meta":"","header-main-stick-meta":"","header-below-stick-meta":"","astra-migrate-meta-layouts":"default","ast-page-background-enabled":"default","ast-page-background-meta":{"desktop":{"background-color":"var(--ast-global-color-4)","background-image":"","background-repeat":"repeat","background-position":"center center","background-size":"auto","background-attachment":"scroll","background-type":"","background-media":"","overlay-type":"","overlay-color":"","overlay-opacity":"","overlay-gradient":""},"tablet":{"background-color":"","background-image":"","background-repeat":"repeat","background-position":"center center","background-size":"auto","background-attachment":"scroll","background-type":"","background-media":"","overlay-type":"","overlay-color":"","overlay-opacity":"","overlay-gradient":""},"mobile":{"background-color":"","background-image":"","background-repeat":"repeat","background-position":"center center","background-size":"auto","background-attachment":"scroll","background-type":"","background-media":"","overlay-type":"","overlay-color":"","overlay-opacity":"","overlay-gradient":""}},"ast-content-background-meta":{"desktop":{"background-color":"var(--ast-global-color-5)","background-image":"","background-repeat":"repeat","background-position":"center center","background-size":"auto","background-attachment":"scroll","background-type":"","background-media":"","overlay-type":"","overlay-color":"","overlay-opacity":"","overlay-gradient":""},"tablet":{"background-color":"var(--ast-global-color-5)","background-image":"","background-repeat":"repeat","background-position":"center center","background-size":"auto","background-attachment":"scroll","background-type":"","background-media":"","overlay-type":"","overlay-color":"","overlay-opacity":"","overlay-gradient":""},"mobile":{"background-color":"var(--ast-global-color-5)","background-image":"","background-repeat":"repeat","background-position":"center center","background-size":"auto","background-attachment":"scroll","background-type":"","background-media":"","overlay-type":"","overlay-color":"","overlay-opacity":"","overlay-gradient":""}},"iawp_total_views":1,"footnotes":""},"categories":[8,10,13],"tags":[],"class_list":["post-3590","post","type-post","status-publish","format-standard","has-post-thumbnail","hentry","category-charlas","category-eventos","category-informativas"],"_links":{"self":[{"href":"https:\/\/biomedicas.unp.edu.py\/index.php?rest_route=\/wp\/v2\/posts\/3590","targetHints":{"allow":["GET"]}}],"collection":[{"href":"https:\/\/biomedicas.unp.edu.py\/index.php?rest_route=\/wp\/v2\/posts"}],"about":[{"href":"https:\/\/biomedicas.unp.edu.py\/index.php?rest_route=\/wp\/v2\/types\/post"}],"author":[{"embeddable":true,"href":"https:\/\/biomedicas.unp.edu.py\/index.php?rest_route=\/wp\/v2\/users\/9"}],"replies":[{"embeddable":true,"href":"https:\/\/biomedicas.unp.edu.py\/index.php?rest_route=%2Fwp%2Fv2%2Fcomments&post=3590"}],"version-history":[{"count":1,"href":"https:\/\/biomedicas.unp.edu.py\/index.php?rest_route=\/wp\/v2\/posts\/3590\/revisions"}],"predecessor-version":[{"id":3591,"href":"https:\/\/biomedicas.unp.edu.py\/index.php?rest_route=\/wp\/v2\/posts\/3590\/revisions\/3591"}],"wp:featuredmedia":[{"embeddable":true,"href":"https:\/\/biomedicas.unp.edu.py\/index.php?rest_route=\/wp\/v2\/media\/3589"}],"wp:attachment":[{"href":"https:\/\/biomedicas.unp.edu.py\/index.php?rest_route=%2Fwp%2Fv2%2Fmedia&parent=3590"}],"wp:term":[{"taxonomy":"category","embeddable":true,"href":"https:\/\/biomedicas.unp.edu.py\/index.php?rest_route=%2Fwp%2Fv2%2Fcategories&post=3590"},{"taxonomy":"post_tag","embeddable":true,"href":"https:\/\/biomedicas.unp.edu.py\/index.php?rest_route=%2Fwp%2Fv2%2Ftags&post=3590"}],"curies":[{"name":"wp","href":"https:\/\/api.w.org\/{rel}","templated":true}]}}