{"id":3955,"date":"2023-10-27T17:01:54","date_gmt":"2023-10-27T20:01:54","guid":{"rendered":"https:\/\/biomedicas.unp.edu.py\/?p=3955"},"modified":"2023-10-27T17:01:55","modified_gmt":"2023-10-27T20:01:55","slug":"octubre-rosa","status":"publish","type":"post","link":"https:\/\/biomedicas.unp.edu.py\/?p=3955","title":{"rendered":"OCTUBRE ROSA"},"content":{"rendered":"\n<figure class=\"wp-block-image size-full\"><a href=\"https:\/\/biomedicas.unp.edu.py\/wp-content\/uploads\/2023\/10\/FCB.jpg\"><img fetchpriority=\"high\" decoding=\"async\" width=\"960\" height=\"856\" src=\"https:\/\/biomedicas.unp.edu.py\/wp-content\/uploads\/2023\/10\/FCB.jpg\" alt=\"\" class=\"wp-image-3956\" srcset=\"https:\/\/biomedicas.unp.edu.py\/wp-content\/uploads\/2023\/10\/FCB.jpg 960w, https:\/\/biomedicas.unp.edu.py\/wp-content\/uploads\/2023\/10\/FCB-300x268.jpg 300w, https:\/\/biomedicas.unp.edu.py\/wp-content\/uploads\/2023\/10\/FCB-768x685.jpg 768w\" sizes=\"(max-width: 960px) 100vw, 960px\" \/><\/a><\/figure>\n\n\n\n<p><\/p>\n\n\n\n<p>La Facultad de Ciencias Biom\u00e9dicas presente en la actividad realizada en el Distrito de General D\u00edaz, en conmemoraci\u00f3n del D\u00eda Mundial de la Lucha contra el C\u00e1ncer de mama.<\/p>\n\n\n\n<p>El evento se desarroll\u00f3 en la ma\u00f1ana de hoy viernes 20 de octubre de 2023, en el tinglado multiuso de la Municipalidad de Gral. D\u00edaz.<\/p>\n\n\n\n<p><a><\/a><img decoding=\"async\" height=\"16\" width=\"16\" alt=\"\u2705\ufe0f\" src=\"https:\/\/static.xx.fbcdn.net\/images\/emoji.php\/v9\/t33\/1\/16\/2705.png\"\/>Participaron:<\/p>\n\n\n\n<p><img decoding=\"async\" height=\"16\" width=\"16\" alt=\"\ud83e\ude77\" src=\"https:\/\/static.xx.fbcdn.net\/images\/emoji.php\/v9\/t99\/1\/16\/1fa77.png\"\/>Director de la Duod\u00e9cima Regi\u00f3n Sanitaria &#8211; <img decoding=\"async\" height=\"16\" width=\"16\" alt=\"\ud83e\ude77\" src=\"https:\/\/static.xx.fbcdn.net\/images\/emoji.php\/v9\/t99\/1\/16\/1fa77.png\"\/>Dr. Jorge Arnaldo Espinola.<\/p>\n\n\n\n<p><img decoding=\"async\" height=\"16\" width=\"16\" alt=\"\ud83e\ude77\" src=\"https:\/\/static.xx.fbcdn.net\/images\/emoji.php\/v9\/t99\/1\/16\/1fa77.png\"\/>Jefa de D.R.A.P.S &#8211; Dra. Lilian Mendoza<\/p>\n\n\n\n<p><img decoding=\"async\" height=\"16\" width=\"16\" alt=\"\ud83e\ude77\" src=\"https:\/\/static.xx.fbcdn.net\/images\/emoji.php\/v9\/t99\/1\/16\/1fa77.png\"\/> Funcionarios de salud del Staff Regional.<\/p>\n\n\n\n<p><img decoding=\"async\" height=\"16\" width=\"16\" alt=\"\ud83e\ude77\" src=\"https:\/\/static.xx.fbcdn.net\/images\/emoji.php\/v9\/t99\/1\/16\/1fa77.png\"\/> Funcionarios del Centro de Salud y de la U.S.F Gral. D\u00edaz.<\/p>\n\n\n\n<p><img decoding=\"async\" height=\"16\" width=\"16\" alt=\"\ud83e\ude77\" src=\"https:\/\/static.xx.fbcdn.net\/images\/emoji.php\/v9\/t99\/1\/16\/1fa77.png\"\/>Intendente del Distrito &#8211; Sr. Carlos Nicol\u00e1s Romero.<\/p>\n\n\n\n<p><img decoding=\"async\" height=\"16\" width=\"16\" alt=\"\ud83e\ude77\" src=\"https:\/\/static.xx.fbcdn.net\/images\/emoji.php\/v9\/t99\/1\/16\/1fa77.png\"\/>Decano de la Facultad de Ciencias Biom\u00e9dicas de la U.N.P &#8211; Dr. Jos\u00e9 Mar\u00eda<\/p>\n\n\n\n<p><img decoding=\"async\" height=\"16\" width=\"16\" alt=\"\ud83e\ude77\" src=\"https:\/\/static.xx.fbcdn.net\/images\/emoji.php\/v9\/t99\/1\/16\/1fa77.png\"\/>Docente de la FCB Prof. Lisa Escurra<\/p>\n\n\n\n<p><img decoding=\"async\" height=\"16\" width=\"16\" alt=\"\ud83e\ude77\" src=\"https:\/\/static.xx.fbcdn.net\/images\/emoji.php\/v9\/t99\/1\/16\/1fa77.png\"\/>Funcionarios de la FCB<\/p>\n\n\n\n<p><img decoding=\"async\" height=\"16\" width=\"16\" alt=\"\ud83e\ude77\" src=\"https:\/\/static.xx.fbcdn.net\/images\/emoji.php\/v9\/t99\/1\/16\/1fa77.png\"\/>Estudiantes de la carrera de Enfermer\u00eda<\/p>\n\n\n\n<p><img decoding=\"async\" height=\"16\" width=\"16\" alt=\"\ud83e\ude77\" src=\"https:\/\/static.xx.fbcdn.net\/images\/emoji.php\/v9\/t99\/1\/16\/1fa77.png\"\/>Representantes del Juzgado de Paz y del Juzgado Penal de Garant\u00edas<\/p>\n\n\n\n<p><img decoding=\"async\" height=\"16\" width=\"16\" alt=\"\ud83e\ude77\" src=\"https:\/\/static.xx.fbcdn.net\/images\/emoji.php\/v9\/t99\/1\/16\/1fa77.png\"\/>Instituto de Formaci\u00f3n Docente de Gral. D\u00edaz<\/p>\n\n\n\n<p><img decoding=\"async\" height=\"16\" width=\"16\" alt=\"\ud83e\ude77\" src=\"https:\/\/static.xx.fbcdn.net\/images\/emoji.php\/v9\/t99\/1\/16\/1fa77.png\"\/>Docentes de la Esc. B\u00e1sica N\u00b0267 Gral. D\u00edaz<\/p>\n\n\n\n<p><img decoding=\"async\" height=\"16\" width=\"16\" alt=\"\ud83e\ude77\" src=\"https:\/\/static.xx.fbcdn.net\/images\/emoji.php\/v9\/t99\/1\/16\/1fa77.png\"\/>Funcionarias y Beneficiarias del Programa TEKOPOR\u00c3.<\/p>\n\n\n\n<p>Durante el evento se realizaron actividades demostrativas de autoexploraci\u00f3n de mamas y colocaci\u00f3n del lazo rosa, charlas educativas, relato de testimonio de vida de la Sra. Rosal\u00eda Velazco, mujer que afront\u00f3 las adversidades de la enfermedad.<\/p>\n\n\n\n<p>Los estudiantes de la carrera de Enfermer\u00eda tuvieron a su cargo la presentaci\u00f3n de una poes\u00eda en guaran\u00ed C\u00e1ncer de mama *Kama Akyta&#8217;ai* y un baile cuya coreograf\u00eda recuerda los pasos del autoexamen de mama.<\/p>\n\n\n\n<p>El lugar estuvo ornamentado con los tonos de color rosa como s\u00edmbolo de lucha contra esta enfermedad que afecta tanto a mujeres como a hombres.<\/p>\n\n\n\n<p>El lema de este a\u00f1o es \u201cHagamos de la prevenci\u00f3n, una tradici\u00f3n\u00bb, instando a realizarse los controles preventivos como la mamograf\u00eda y el autoexamen para poder detectar a tiempo el c\u00e1ncer de mama.<\/p>\n\n\n\n<p>Dicha actividad se llevo a cabo en el marco del Proyecto de Extensi\u00f3n Universitaria y como una forma de Vinculaci\u00f3n con el Medio Externo.<\/p>\n","protected":false},"excerpt":{"rendered":"<p>La Facultad de Ciencias Biom\u00e9dicas presente en la actividad realizada en el Distrito de General D\u00edaz, en conmemoraci\u00f3n del D\u00eda Mundial de la Lucha contra el C\u00e1ncer de mama. El evento se desarroll\u00f3 en la ma\u00f1ana de hoy viernes 20 de octubre de 2023, en el tinglado multiuso de la Municipalidad de Gral. D\u00edaz. Participaron: [&hellip;]<\/p>\n","protected":false},"author":9,"featured_media":3956,"comment_status":"closed","ping_status":"closed","sticky":false,"template":"","format":"standard","meta":{"site-sidebar-layout":"default","site-content-layout":"","ast-site-content-layout":"default","site-content-style":"default","site-sidebar-style":"default","ast-global-header-display":"","ast-banner-title-visibility":"","ast-main-header-display":"","ast-hfb-above-header-display":"","ast-hfb-below-header-display":"","ast-hfb-mobile-header-display":"","site-post-title":"","ast-breadcrumbs-content":"","ast-featured-img":"","footer-sml-layout":"","ast-disable-related-posts":"","theme-transparent-header-meta":"","adv-header-id-meta":"","stick-header-meta":"","header-above-stick-meta":"","header-main-stick-meta":"","header-below-stick-meta":"","astra-migrate-meta-layouts":"default","ast-page-background-enabled":"default","ast-page-background-meta":{"desktop":{"background-color":"var(--ast-global-color-4)","background-image":"","background-repeat":"repeat","background-position":"center center","background-size":"auto","background-attachment":"scroll","background-type":"","background-media":"","overlay-type":"","overlay-color":"","overlay-opacity":"","overlay-gradient":""},"tablet":{"background-color":"","background-image":"","background-repeat":"repeat","background-position":"center center","background-size":"auto","background-attachment":"scroll","background-type":"","background-media":"","overlay-type":"","overlay-color":"","overlay-opacity":"","overlay-gradient":""},"mobile":{"background-color":"","background-image":"","background-repeat":"repeat","background-position":"center center","background-size":"auto","background-attachment":"scroll","background-type":"","background-media":"","overlay-type":"","overlay-color":"","overlay-opacity":"","overlay-gradient":""}},"ast-content-background-meta":{"desktop":{"background-color":"var(--ast-global-color-5)","background-image":"","background-repeat":"repeat","background-position":"center center","background-size":"auto","background-attachment":"scroll","background-type":"","background-media":"","overlay-type":"","overlay-color":"","overlay-opacity":"","overlay-gradient":""},"tablet":{"background-color":"var(--ast-global-color-5)","background-image":"","background-repeat":"repeat","background-position":"center center","background-size":"auto","background-attachment":"scroll","background-type":"","background-media":"","overlay-type":"","overlay-color":"","overlay-opacity":"","overlay-gradient":""},"mobile":{"background-color":"var(--ast-global-color-5)","background-image":"","background-repeat":"repeat","background-position":"center center","background-size":"auto","background-attachment":"scroll","background-type":"","background-media":"","overlay-type":"","overlay-color":"","overlay-opacity":"","overlay-gradient":""}},"iawp_total_views":1,"footnotes":""},"categories":[11,8,10,1],"tags":[],"class_list":["post-3955","post","type-post","status-publish","format-standard","has-post-thumbnail","hentry","category-actividades-academicas","category-charlas","category-eventos","category-uncategorized"],"_links":{"self":[{"href":"https:\/\/biomedicas.unp.edu.py\/index.php?rest_route=\/wp\/v2\/posts\/3955","targetHints":{"allow":["GET"]}}],"collection":[{"href":"https:\/\/biomedicas.unp.edu.py\/index.php?rest_route=\/wp\/v2\/posts"}],"about":[{"href":"https:\/\/biomedicas.unp.edu.py\/index.php?rest_route=\/wp\/v2\/types\/post"}],"author":[{"embeddable":true,"href":"https:\/\/biomedicas.unp.edu.py\/index.php?rest_route=\/wp\/v2\/users\/9"}],"replies":[{"embeddable":true,"href":"https:\/\/biomedicas.unp.edu.py\/index.php?rest_route=%2Fwp%2Fv2%2Fcomments&post=3955"}],"version-history":[{"count":1,"href":"https:\/\/biomedicas.unp.edu.py\/index.php?rest_route=\/wp\/v2\/posts\/3955\/revisions"}],"predecessor-version":[{"id":3957,"href":"https:\/\/biomedicas.unp.edu.py\/index.php?rest_route=\/wp\/v2\/posts\/3955\/revisions\/3957"}],"wp:featuredmedia":[{"embeddable":true,"href":"https:\/\/biomedicas.unp.edu.py\/index.php?rest_route=\/wp\/v2\/media\/3956"}],"wp:attachment":[{"href":"https:\/\/biomedicas.unp.edu.py\/index.php?rest_route=%2Fwp%2Fv2%2Fmedia&parent=3955"}],"wp:term":[{"taxonomy":"category","embeddable":true,"href":"https:\/\/biomedicas.unp.edu.py\/index.php?rest_route=%2Fwp%2Fv2%2Fcategories&post=3955"},{"taxonomy":"post_tag","embeddable":true,"href":"https:\/\/biomedicas.unp.edu.py\/index.php?rest_route=%2Fwp%2Fv2%2Ftags&post=3955"}],"curies":[{"name":"wp","href":"https:\/\/api.w.org\/{rel}","templated":true}]}}