{"id":4141,"date":"2024-04-05T20:07:00","date_gmt":"2024-04-06T00:07:00","guid":{"rendered":"https:\/\/biomedicas.unp.edu.py\/?p=4141"},"modified":"2024-04-16T12:08:29","modified_gmt":"2024-04-16T16:08:29","slug":"jornada-de-capacitacion-4","status":"publish","type":"post","link":"https:\/\/biomedicas.unp.edu.py\/?p=4141","title":{"rendered":"JORNADA DE CAPACITACI\u00d3N"},"content":{"rendered":"\n<figure class=\"wp-block-image size-large\"><a href=\"http:\/\/biomedicas.unp.edu.py\/wp-content\/uploads\/2024\/04\/111.jpg\"><img fetchpriority=\"high\" decoding=\"async\" width=\"1024\" height=\"768\" src=\"http:\/\/biomedicas.unp.edu.py\/wp-content\/uploads\/2024\/04\/111-1024x768.jpg\" alt=\"\" class=\"wp-image-4154\" srcset=\"https:\/\/biomedicas.unp.edu.py\/wp-content\/uploads\/2024\/04\/111-1024x768.jpg 1024w, https:\/\/biomedicas.unp.edu.py\/wp-content\/uploads\/2024\/04\/111-300x225.jpg 300w, https:\/\/biomedicas.unp.edu.py\/wp-content\/uploads\/2024\/04\/111-768x576.jpg 768w, https:\/\/biomedicas.unp.edu.py\/wp-content\/uploads\/2024\/04\/111-1200x900.jpg 1200w, https:\/\/biomedicas.unp.edu.py\/wp-content\/uploads\/2024\/04\/111.jpg 1440w\" sizes=\"(max-width: 1024px) 100vw, 1024px\" \/><\/a><\/figure>\n\n\n\n<p>Desde la Facultad de Ciencias Biom\u00e9dicas nos sumamos a la Conmemoraci\u00f3n del D\u00eda Mundial de la Salud, este a\u00f1o bajo el lema: \u00abMI SALUD, MI DERECHO\u00bb con una Jornada de Capacitaci\u00f3n sobre C\u00e1ncer de Mama, que estuvo a cargo del Dr. Marcelo Galli Roma\u00f1ach, M\u00e9dico y Mast\u00f3logo especialista en Oncoplastia con gran trayectoria.<\/p>\n\n\n\n<figure class=\"wp-block-image aligncenter size-medium\"><a href=\"http:\/\/biomedicas.unp.edu.py\/wp-content\/uploads\/2024\/04\/bio1-foto-3.jpg\"><img decoding=\"async\" width=\"300\" height=\"185\" src=\"https:\/\/biomedicas.unp.edu.py\/wp-content\/uploads\/2024\/04\/bio1-foto-3-300x185.jpg\" alt=\"\" class=\"wp-image-4140\" srcset=\"https:\/\/biomedicas.unp.edu.py\/wp-content\/uploads\/2024\/04\/bio1-foto-3-300x185.jpg 300w, https:\/\/biomedicas.unp.edu.py\/wp-content\/uploads\/2024\/04\/bio1-foto-3-1024x633.jpg 1024w, https:\/\/biomedicas.unp.edu.py\/wp-content\/uploads\/2024\/04\/bio1-foto-3-768x475.jpg 768w, https:\/\/biomedicas.unp.edu.py\/wp-content\/uploads\/2024\/04\/bio1-foto-3-1200x742.jpg 1200w, https:\/\/biomedicas.unp.edu.py\/wp-content\/uploads\/2024\/04\/bio1-foto-3.jpg 1440w\" sizes=\"(max-width: 300px) 100vw, 300px\" \/><\/a><\/figure>\n\n\n\n<p>Participaron el Director Acad\u00e9mico de la UNP, autoridades de esta casa de estudios, docentes, estudiantes y representantes del Club de Apoyo Oncol\u00f3gico de la ciudad de Pilar.<br \/><br \/>Dicha actividad fue organizada desde la Direcci\u00f3n Acad\u00e9mica a cargo de la Lic. Mirtha Ayala y estudiantes del cuarto curso de la Carrera de Lic. Enfermer\u00eda.<\/p>\n\n\n\n<figure class=\"wp-block-image size-medium\"><a href=\"http:\/\/biomedicas.unp.edu.py\/wp-content\/uploads\/2024\/04\/foto-4.jpg\"><img decoding=\"async\" width=\"225\" height=\"300\" src=\"https:\/\/biomedicas.unp.edu.py\/wp-content\/uploads\/2024\/04\/foto-4-225x300.jpg\" alt=\"\" class=\"wp-image-4137\" srcset=\"https:\/\/biomedicas.unp.edu.py\/wp-content\/uploads\/2024\/04\/foto-4-225x300.jpg 225w, https:\/\/biomedicas.unp.edu.py\/wp-content\/uploads\/2024\/04\/foto-4-768x1024.jpg 768w, https:\/\/biomedicas.unp.edu.py\/wp-content\/uploads\/2024\/04\/foto-4.jpg 1080w\" sizes=\"(max-width: 225px) 100vw, 225px\" \/><\/a><\/figure>\n\n\n\n<p>As\u00ed mismo, se aprovech\u00f3 la ocasi\u00f3n para la entrega de certificado y un presente al disertante.<\/p>\n\n\n\n<p><\/p>\n\n\n\n<p><\/p>\n\n\n\n<p><\/p>\n\n\n\n<p><\/p>\n\n\n\n<p><\/p>\n\n\n\n<p><\/p>\n\n\n\n<p><\/p>\n\n\n\n<p><\/p>\n\n\n\n<p><\/p>\n\n\n\n<p><\/p>\n\n\n\n<p class=\"has-text-align-left\"><\/p>\n\n\n\n<p><\/p>\n","protected":false},"excerpt":{"rendered":"<p>Desde la Facultad de Ciencias Biom\u00e9dicas nos sumamos a la Conmemoraci\u00f3n del D\u00eda Mundial de la Salud, este a\u00f1o bajo el lema: \u00abMI SALUD, MI DERECHO\u00bb con una Jornada de Capacitaci\u00f3n sobre C\u00e1ncer de Mama, que estuvo a cargo del Dr. Marcelo Galli Roma\u00f1ach, M\u00e9dico y Mast\u00f3logo especialista en Oncoplastia con gran trayectoria. Participaron el [&hellip;]<\/p>\n","protected":false},"author":9,"featured_media":4154,"comment_status":"closed","ping_status":"closed","sticky":false,"template":"","format":"standard","meta":{"site-sidebar-layout":"default","site-content-layout":"","ast-site-content-layout":"default","site-content-style":"default","site-sidebar-style":"default","ast-global-header-display":"","ast-banner-title-visibility":"","ast-main-header-display":"","ast-hfb-above-header-display":"","ast-hfb-below-header-display":"","ast-hfb-mobile-header-display":"","site-post-title":"","ast-breadcrumbs-content":"","ast-featured-img":"","footer-sml-layout":"","ast-disable-related-posts":"","theme-transparent-header-meta":"","adv-header-id-meta":"","stick-header-meta":"","header-above-stick-meta":"","header-main-stick-meta":"","header-below-stick-meta":"","astra-migrate-meta-layouts":"default","ast-page-background-enabled":"default","ast-page-background-meta":{"desktop":{"background-color":"var(--ast-global-color-4)","background-image":"","background-repeat":"repeat","background-position":"center center","background-size":"auto","background-attachment":"scroll","background-type":"","background-media":"","overlay-type":"","overlay-color":"","overlay-opacity":"","overlay-gradient":""},"tablet":{"background-color":"","background-image":"","background-repeat":"repeat","background-position":"center center","background-size":"auto","background-attachment":"scroll","background-type":"","background-media":"","overlay-type":"","overlay-color":"","overlay-opacity":"","overlay-gradient":""},"mobile":{"background-color":"","background-image":"","background-repeat":"repeat","background-position":"center center","background-size":"auto","background-attachment":"scroll","background-type":"","background-media":"","overlay-type":"","overlay-color":"","overlay-opacity":"","overlay-gradient":""}},"ast-content-background-meta":{"desktop":{"background-color":"var(--ast-global-color-5)","background-image":"","background-repeat":"repeat","background-position":"center center","background-size":"auto","background-attachment":"scroll","background-type":"","background-media":"","overlay-type":"","overlay-color":"","overlay-opacity":"","overlay-gradient":""},"tablet":{"background-color":"var(--ast-global-color-5)","background-image":"","background-repeat":"repeat","background-position":"center center","background-size":"auto","background-attachment":"scroll","background-type":"","background-media":"","overlay-type":"","overlay-color":"","overlay-opacity":"","overlay-gradient":""},"mobile":{"background-color":"var(--ast-global-color-5)","background-image":"","background-repeat":"repeat","background-position":"center center","background-size":"auto","background-attachment":"scroll","background-type":"","background-media":"","overlay-type":"","overlay-color":"","overlay-opacity":"","overlay-gradient":""}},"iawp_total_views":0,"footnotes":""},"categories":[11,8,5],"tags":[],"class_list":["post-4141","post","type-post","status-publish","format-standard","has-post-thumbnail","hentry","category-actividades-academicas","category-charlas","category-noticias"],"_links":{"self":[{"href":"https:\/\/biomedicas.unp.edu.py\/index.php?rest_route=\/wp\/v2\/posts\/4141","targetHints":{"allow":["GET"]}}],"collection":[{"href":"https:\/\/biomedicas.unp.edu.py\/index.php?rest_route=\/wp\/v2\/posts"}],"about":[{"href":"https:\/\/biomedicas.unp.edu.py\/index.php?rest_route=\/wp\/v2\/types\/post"}],"author":[{"embeddable":true,"href":"https:\/\/biomedicas.unp.edu.py\/index.php?rest_route=\/wp\/v2\/users\/9"}],"replies":[{"embeddable":true,"href":"https:\/\/biomedicas.unp.edu.py\/index.php?rest_route=%2Fwp%2Fv2%2Fcomments&post=4141"}],"version-history":[{"count":15,"href":"https:\/\/biomedicas.unp.edu.py\/index.php?rest_route=\/wp\/v2\/posts\/4141\/revisions"}],"predecessor-version":[{"id":4157,"href":"https:\/\/biomedicas.unp.edu.py\/index.php?rest_route=\/wp\/v2\/posts\/4141\/revisions\/4157"}],"wp:featuredmedia":[{"embeddable":true,"href":"https:\/\/biomedicas.unp.edu.py\/index.php?rest_route=\/wp\/v2\/media\/4154"}],"wp:attachment":[{"href":"https:\/\/biomedicas.unp.edu.py\/index.php?rest_route=%2Fwp%2Fv2%2Fmedia&parent=4141"}],"wp:term":[{"taxonomy":"category","embeddable":true,"href":"https:\/\/biomedicas.unp.edu.py\/index.php?rest_route=%2Fwp%2Fv2%2Fcategories&post=4141"},{"taxonomy":"post_tag","embeddable":true,"href":"https:\/\/biomedicas.unp.edu.py\/index.php?rest_route=%2Fwp%2Fv2%2Ftags&post=4141"}],"curies":[{"name":"wp","href":"https:\/\/api.w.org\/{rel}","templated":true}]}}