{"id":4447,"date":"2024-08-14T11:03:00","date_gmt":"2024-08-14T15:03:00","guid":{"rendered":"https:\/\/biomedicas.unp.edu.py\/?p=4447"},"modified":"2024-09-26T11:06:49","modified_gmt":"2024-09-26T15:06:49","slug":"proyecto-de-vinculacion-interinstitucional","status":"publish","type":"post","link":"https:\/\/biomedicas.unp.edu.py\/?p=4447","title":{"rendered":"Proyecto de Vinculaci\u00f3n Interinstitucional"},"content":{"rendered":"\n<figure class=\"wp-block-image size-full\"><a href=\"https:\/\/biomedicas.unp.edu.py\/wp-content\/uploads\/2024\/09\/1.jpg\"><img fetchpriority=\"high\" decoding=\"async\" width=\"1440\" height=\"1254\" src=\"https:\/\/biomedicas.unp.edu.py\/wp-content\/uploads\/2024\/09\/1.jpg\" alt=\"\" class=\"wp-image-4449\" srcset=\"https:\/\/biomedicas.unp.edu.py\/wp-content\/uploads\/2024\/09\/1.jpg 1440w, https:\/\/biomedicas.unp.edu.py\/wp-content\/uploads\/2024\/09\/1-300x261.jpg 300w, https:\/\/biomedicas.unp.edu.py\/wp-content\/uploads\/2024\/09\/1-1024x892.jpg 1024w, https:\/\/biomedicas.unp.edu.py\/wp-content\/uploads\/2024\/09\/1-768x669.jpg 768w, https:\/\/biomedicas.unp.edu.py\/wp-content\/uploads\/2024\/09\/1-1200x1045.jpg 1200w\" sizes=\"(max-width: 1440px) 100vw, 1440px\" \/><\/a><\/figure>\n\n\n\n<p><img decoding=\"async\" height=\"16\" width=\"16\" alt=\"\ud83d\udccc\" src=\"https:\/\/static.xx.fbcdn.net\/images\/emoji.php\/v9\/tac\/1\/16\/1f4cc.png\"\/> En conmemoraci\u00f3n al D\u00eda del Ni\u00f1o y la Ni\u00f1a, se llev\u00f3 a cabo el d\u00eda de hoy el proyecto de vinculaci\u00f3n interinstitucional denominado \u201c\ud835\ude17\ud835\ude30\ud835\ude33 \ud835\ude2d\ud835\ude22 \ud835\ude34\ud835\ude30\ud835\ude2f\ud835\ude33\ud835\ude2a\ud835\ude34\ud835\ude22 \ud835\ude25\ud835\ude26 \ud835\ude36\ud835\ude2f \ud835\ude2f\ud835\ude2a\u00f1\ud835\ude30 \ud835\ude27\ud835\ude26\ud835\ude2d\ud835\ude2a\ud835\ude3b\u201d, nuestros estudiantes del 2\u00b0 Curso de la Carrera de Lic. en Enfermer\u00eda junto con la Lic. Patricia Ben\u00edtez docente de la materia de \u00c9tica y Legislaci\u00f3n Laboral, compartieron una jornada educativa con los <a><\/a>alumnos del 1\u00b0 al 6\u00b0 grado de la Escuela B\u00e1sica Priv. Subv. San Jos\u00e9 Artesano en los turnos ma\u00f1ana y tarde.<\/p>\n\n\n\n<p><img decoding=\"async\" height=\"16\" width=\"16\" alt=\"\ud83e\udea5\" src=\"https:\/\/static.xx.fbcdn.net\/images\/emoji.php\/v9\/tad\/1\/16\/1faa5.png\"\/>Durante la actividad, se revaloriz\u00f3 la importancia de la salud y la higiene bucal como un derecho y un bien \u00e9tico esencial para el bienestar de todos los ni\u00f1os y ni\u00f1as.<\/p>\n\n\n\n<p><img decoding=\"async\" height=\"16\" width=\"16\" alt=\"\ud83e\udea5\" src=\"https:\/\/static.xx.fbcdn.net\/images\/emoji.php\/v9\/tad\/1\/16\/1faa5.png\"\/>Nuestros estudiantes junto con la docente desarrollaron una estrategia de promoci\u00f3n de la salud bucodental y prevenci\u00f3n de enfermedades de la cavidad bucal, transmitiendo conocimientos y pr\u00e1cticas saludables a los m\u00e1s peque\u00f1os.<\/p>\n\n\n\n<p><img loading=\"lazy\" decoding=\"async\" height=\"16\" width=\"16\" alt=\"\ud83c\udf81\" src=\"https:\/\/static.xx.fbcdn.net\/images\/emoji.php\/v9\/t84\/1\/16\/1f381.png\"\/> Adem\u00e1s, obsequiaron a cada ni\u00f1o y ni\u00f1a una crema dental con un cepillo de dientes para la pr\u00e1ctica del cepillado correcto.<\/p>\n\n\n\n<p>\u00a1Cuidar la sonrisa de nuestros ni\u00f1os es una responsabilidad compartida! Sigamos trabajando juntos por un futuro m\u00e1s saludable.<\/p>\n","protected":false},"excerpt":{"rendered":"<p>En conmemoraci\u00f3n al D\u00eda del Ni\u00f1o y la Ni\u00f1a, se llev\u00f3 a cabo el d\u00eda de hoy el proyecto de vinculaci\u00f3n interinstitucional denominado \u201c\ud835\ude17\ud835\ude30\ud835\ude33 \ud835\ude2d\ud835\ude22 \ud835\ude34\ud835\ude30\ud835\ude2f\ud835\ude33\ud835\ude2a\ud835\ude34\ud835\ude22 \ud835\ude25\ud835\ude26 \ud835\ude36\ud835\ude2f \ud835\ude2f\ud835\ude2a\u00f1\ud835\ude30 \ud835\ude27\ud835\ude26\ud835\ude2d\ud835\ude2a\ud835\ude3b\u201d, nuestros estudiantes del 2\u00b0 Curso de la Carrera de Lic. en Enfermer\u00eda junto con la Lic. Patricia Ben\u00edtez docente de la materia de \u00c9tica y [&hellip;]<\/p>\n","protected":false},"author":9,"featured_media":4448,"comment_status":"closed","ping_status":"closed","sticky":false,"template":"","format":"standard","meta":{"site-sidebar-layout":"default","site-content-layout":"","ast-site-content-layout":"default","site-content-style":"default","site-sidebar-style":"default","ast-global-header-display":"","ast-banner-title-visibility":"","ast-main-header-display":"","ast-hfb-above-header-display":"","ast-hfb-below-header-display":"","ast-hfb-mobile-header-display":"","site-post-title":"","ast-breadcrumbs-content":"","ast-featured-img":"","footer-sml-layout":"","ast-disable-related-posts":"","theme-transparent-header-meta":"","adv-header-id-meta":"","stick-header-meta":"","header-above-stick-meta":"","header-main-stick-meta":"","header-below-stick-meta":"","astra-migrate-meta-layouts":"default","ast-page-background-enabled":"default","ast-page-background-meta":{"desktop":{"background-color":"var(--ast-global-color-4)","background-image":"","background-repeat":"repeat","background-position":"center center","background-size":"auto","background-attachment":"scroll","background-type":"","background-media":"","overlay-type":"","overlay-color":"","overlay-opacity":"","overlay-gradient":""},"tablet":{"background-color":"","background-image":"","background-repeat":"repeat","background-position":"center center","background-size":"auto","background-attachment":"scroll","background-type":"","background-media":"","overlay-type":"","overlay-color":"","overlay-opacity":"","overlay-gradient":""},"mobile":{"background-color":"","background-image":"","background-repeat":"repeat","background-position":"center center","background-size":"auto","background-attachment":"scroll","background-type":"","background-media":"","overlay-type":"","overlay-color":"","overlay-opacity":"","overlay-gradient":""}},"ast-content-background-meta":{"desktop":{"background-color":"var(--ast-global-color-5)","background-image":"","background-repeat":"repeat","background-position":"center center","background-size":"auto","background-attachment":"scroll","background-type":"","background-media":"","overlay-type":"","overlay-color":"","overlay-opacity":"","overlay-gradient":""},"tablet":{"background-color":"var(--ast-global-color-5)","background-image":"","background-repeat":"repeat","background-position":"center center","background-size":"auto","background-attachment":"scroll","background-type":"","background-media":"","overlay-type":"","overlay-color":"","overlay-opacity":"","overlay-gradient":""},"mobile":{"background-color":"var(--ast-global-color-5)","background-image":"","background-repeat":"repeat","background-position":"center center","background-size":"auto","background-attachment":"scroll","background-type":"","background-media":"","overlay-type":"","overlay-color":"","overlay-opacity":"","overlay-gradient":""}},"iawp_total_views":9,"footnotes":""},"categories":[11],"tags":[],"class_list":["post-4447","post","type-post","status-publish","format-standard","has-post-thumbnail","hentry","category-actividades-academicas"],"_links":{"self":[{"href":"https:\/\/biomedicas.unp.edu.py\/index.php?rest_route=\/wp\/v2\/posts\/4447","targetHints":{"allow":["GET"]}}],"collection":[{"href":"https:\/\/biomedicas.unp.edu.py\/index.php?rest_route=\/wp\/v2\/posts"}],"about":[{"href":"https:\/\/biomedicas.unp.edu.py\/index.php?rest_route=\/wp\/v2\/types\/post"}],"author":[{"embeddable":true,"href":"https:\/\/biomedicas.unp.edu.py\/index.php?rest_route=\/wp\/v2\/users\/9"}],"replies":[{"embeddable":true,"href":"https:\/\/biomedicas.unp.edu.py\/index.php?rest_route=%2Fwp%2Fv2%2Fcomments&post=4447"}],"version-history":[{"count":1,"href":"https:\/\/biomedicas.unp.edu.py\/index.php?rest_route=\/wp\/v2\/posts\/4447\/revisions"}],"predecessor-version":[{"id":4450,"href":"https:\/\/biomedicas.unp.edu.py\/index.php?rest_route=\/wp\/v2\/posts\/4447\/revisions\/4450"}],"wp:featuredmedia":[{"embeddable":true,"href":"https:\/\/biomedicas.unp.edu.py\/index.php?rest_route=\/wp\/v2\/media\/4448"}],"wp:attachment":[{"href":"https:\/\/biomedicas.unp.edu.py\/index.php?rest_route=%2Fwp%2Fv2%2Fmedia&parent=4447"}],"wp:term":[{"taxonomy":"category","embeddable":true,"href":"https:\/\/biomedicas.unp.edu.py\/index.php?rest_route=%2Fwp%2Fv2%2Fcategories&post=4447"},{"taxonomy":"post_tag","embeddable":true,"href":"https:\/\/biomedicas.unp.edu.py\/index.php?rest_route=%2Fwp%2Fv2%2Ftags&post=4447"}],"curies":[{"name":"wp","href":"https:\/\/api.w.org\/{rel}","templated":true}]}}