{"id":4807,"date":"2025-03-26T11:24:00","date_gmt":"2025-03-26T15:24:00","guid":{"rendered":"https:\/\/biomedicas.unp.edu.py\/?p=4807"},"modified":"2025-05-05T11:30:48","modified_gmt":"2025-05-05T15:30:48","slug":"concientizacion-sobre-la-prevencion-del-cancer-de-cuello-uterino","status":"publish","type":"post","link":"https:\/\/biomedicas.unp.edu.py\/?p=4807","title":{"rendered":"Concientizaci\u00f3n sobre la Prevenci\u00f3n del C\u00e1ncer de Cuello Uterino"},"content":{"rendered":"\n<p>Se llev\u00f3 a cabo la charla \u00abHoy por vos, prevenci\u00f3n en acci\u00f3n\u00bb, en conmemoraci\u00f3n al D\u00eda Mundial de la Prevenci\u00f3n del C\u00e1ncer de Cuello Uterino que se recuerda cada 26 de marzo<img decoding=\"async\" height=\"16\" width=\"16\" src=\"https:\/\/static.xx.fbcdn.net\/images\/emoji.php\/v9\/t97\/1\/16\/1fa75.png\" alt=\"\ud83e\ude75\"\/><\/p>\n\n\n\n<p>Esta actividad fue organizada por los alumnos del 4\u00ba curso de la Carrera Lic. en Enfermer\u00eda junto con los docentes de las asignaturas Enfermer\u00eda Materno Infantil II y Enfermer\u00eda en Enfermedades Infecciosas y <a><\/a>Transmisibles.<\/p>\n\n\n\n<figure class=\"wp-block-image aligncenter size-large is-resized\"><a href=\"https:\/\/biomedicas.unp.edu.py\/wp-content\/uploads\/2025\/05\/princ1.jpg\"><img fetchpriority=\"high\" decoding=\"async\" width=\"1024\" height=\"513\" src=\"https:\/\/biomedicas.unp.edu.py\/wp-content\/uploads\/2025\/05\/princ1-1024x513.jpg\" alt=\"\" class=\"wp-image-4808\" style=\"width:517px;height:auto\" srcset=\"https:\/\/biomedicas.unp.edu.py\/wp-content\/uploads\/2025\/05\/princ1-1024x513.jpg 1024w, https:\/\/biomedicas.unp.edu.py\/wp-content\/uploads\/2025\/05\/princ1-300x150.jpg 300w, https:\/\/biomedicas.unp.edu.py\/wp-content\/uploads\/2025\/05\/princ1-768x385.jpg 768w, https:\/\/biomedicas.unp.edu.py\/wp-content\/uploads\/2025\/05\/princ1-1536x770.jpg 1536w, https:\/\/biomedicas.unp.edu.py\/wp-content\/uploads\/2025\/05\/princ1.jpg 2048w\" sizes=\"(max-width: 1024px) 100vw, 1024px\" \/><\/a><\/figure>\n\n\n\n<p>Durante la jornada, se abordaron temas de gran importancia sobre la prevenci\u00f3n del c\u00e1ncer de cuello uterino, destacando estrategias clave para el diagn\u00f3stico temprano y el cuidado de la salud.<\/p>\n\n\n\n<p>Agradecemos a todos por ser parte de esta iniciativa y reafirmamos la importancia de seguir generando espacios de aprendizaje y concientizaci\u00f3n.<\/p>\n\n\n\n<p>\u00a1Recordemos que la prevenci\u00f3n est\u00e1 en nuestras manos! <img decoding=\"async\" height=\"16\" width=\"16\" alt=\"\ud83d\udcaa\" src=\"https:\/\/static.xx.fbcdn.net\/images\/emoji.php\/v9\/t6c\/1\/16\/1f4aa.png\"\/><img loading=\"lazy\" decoding=\"async\" height=\"16\" width=\"16\" alt=\"\ud83d\udc99\" src=\"https:\/\/static.xx.fbcdn.net\/images\/emoji.php\/v9\/t6c\/1\/16\/1f499.png\"\/><\/p>\n\n\n\n<figure class=\"wp-block-image aligncenter size-large is-resized\"><a href=\"https:\/\/biomedicas.unp.edu.py\/wp-content\/uploads\/2025\/05\/princ2.jpg\"><img loading=\"lazy\" decoding=\"async\" width=\"1024\" height=\"768\" src=\"https:\/\/biomedicas.unp.edu.py\/wp-content\/uploads\/2025\/05\/princ2-1024x768.jpg\" alt=\"\" class=\"wp-image-4809\" style=\"width:349px;height:auto\" srcset=\"https:\/\/biomedicas.unp.edu.py\/wp-content\/uploads\/2025\/05\/princ2-1024x768.jpg 1024w, https:\/\/biomedicas.unp.edu.py\/wp-content\/uploads\/2025\/05\/princ2-300x225.jpg 300w, https:\/\/biomedicas.unp.edu.py\/wp-content\/uploads\/2025\/05\/princ2-768x576.jpg 768w, https:\/\/biomedicas.unp.edu.py\/wp-content\/uploads\/2025\/05\/princ2-1536x1152.jpg 1536w, https:\/\/biomedicas.unp.edu.py\/wp-content\/uploads\/2025\/05\/princ2.jpg 2048w\" sizes=\"(max-width: 1024px) 100vw, 1024px\" \/><\/a><\/figure>\n\n\n\n<p>M\u00e1s fotos: <a href=\"https:\/\/www.facebook.com\/share\/p\/19MMq3aY1r\/\">https:\/\/www.facebook.com\/share\/p\/19MMq3aY1r\/<\/a><\/p>\n","protected":false},"excerpt":{"rendered":"<p>Se llev\u00f3 a cabo la charla \u00abHoy por vos, prevenci\u00f3n en acci\u00f3n\u00bb, en conmemoraci\u00f3n al D\u00eda Mundial de la Prevenci\u00f3n del C\u00e1ncer de Cuello Uterino que se recuerda cada 26 de marzo Esta actividad fue organizada por los alumnos del 4\u00ba curso de la Carrera Lic. en Enfermer\u00eda junto con los docentes de las asignaturas [&hellip;]<\/p>\n","protected":false},"author":9,"featured_media":4808,"comment_status":"closed","ping_status":"closed","sticky":false,"template":"","format":"standard","meta":{"site-sidebar-layout":"default","site-content-layout":"","ast-site-content-layout":"default","site-content-style":"default","site-sidebar-style":"default","ast-global-header-display":"","ast-banner-title-visibility":"","ast-main-header-display":"","ast-hfb-above-header-display":"","ast-hfb-below-header-display":"","ast-hfb-mobile-header-display":"","site-post-title":"","ast-breadcrumbs-content":"","ast-featured-img":"","footer-sml-layout":"","ast-disable-related-posts":"","theme-transparent-header-meta":"","adv-header-id-meta":"","stick-header-meta":"","header-above-stick-meta":"","header-main-stick-meta":"","header-below-stick-meta":"","astra-migrate-meta-layouts":"set","ast-page-background-enabled":"default","ast-page-background-meta":{"desktop":{"background-color":"var(--ast-global-color-4)","background-image":"","background-repeat":"repeat","background-position":"center center","background-size":"auto","background-attachment":"scroll","background-type":"","background-media":"","overlay-type":"","overlay-color":"","overlay-opacity":"","overlay-gradient":""},"tablet":{"background-color":"","background-image":"","background-repeat":"repeat","background-position":"center center","background-size":"auto","background-attachment":"scroll","background-type":"","background-media":"","overlay-type":"","overlay-color":"","overlay-opacity":"","overlay-gradient":""},"mobile":{"background-color":"","background-image":"","background-repeat":"repeat","background-position":"center center","background-size":"auto","background-attachment":"scroll","background-type":"","background-media":"","overlay-type":"","overlay-color":"","overlay-opacity":"","overlay-gradient":""}},"ast-content-background-meta":{"desktop":{"background-color":"var(--ast-global-color-5)","background-image":"","background-repeat":"repeat","background-position":"center center","background-size":"auto","background-attachment":"scroll","background-type":"","background-media":"","overlay-type":"","overlay-color":"","overlay-opacity":"","overlay-gradient":""},"tablet":{"background-color":"var(--ast-global-color-5)","background-image":"","background-repeat":"repeat","background-position":"center center","background-size":"auto","background-attachment":"scroll","background-type":"","background-media":"","overlay-type":"","overlay-color":"","overlay-opacity":"","overlay-gradient":""},"mobile":{"background-color":"var(--ast-global-color-5)","background-image":"","background-repeat":"repeat","background-position":"center center","background-size":"auto","background-attachment":"scroll","background-type":"","background-media":"","overlay-type":"","overlay-color":"","overlay-opacity":"","overlay-gradient":""}},"iawp_total_views":11,"footnotes":""},"categories":[11,10],"tags":[],"class_list":["post-4807","post","type-post","status-publish","format-standard","has-post-thumbnail","hentry","category-actividades-academicas","category-eventos"],"_links":{"self":[{"href":"https:\/\/biomedicas.unp.edu.py\/index.php?rest_route=\/wp\/v2\/posts\/4807","targetHints":{"allow":["GET"]}}],"collection":[{"href":"https:\/\/biomedicas.unp.edu.py\/index.php?rest_route=\/wp\/v2\/posts"}],"about":[{"href":"https:\/\/biomedicas.unp.edu.py\/index.php?rest_route=\/wp\/v2\/types\/post"}],"author":[{"embeddable":true,"href":"https:\/\/biomedicas.unp.edu.py\/index.php?rest_route=\/wp\/v2\/users\/9"}],"replies":[{"embeddable":true,"href":"https:\/\/biomedicas.unp.edu.py\/index.php?rest_route=%2Fwp%2Fv2%2Fcomments&post=4807"}],"version-history":[{"count":1,"href":"https:\/\/biomedicas.unp.edu.py\/index.php?rest_route=\/wp\/v2\/posts\/4807\/revisions"}],"predecessor-version":[{"id":4810,"href":"https:\/\/biomedicas.unp.edu.py\/index.php?rest_route=\/wp\/v2\/posts\/4807\/revisions\/4810"}],"wp:featuredmedia":[{"embeddable":true,"href":"https:\/\/biomedicas.unp.edu.py\/index.php?rest_route=\/wp\/v2\/media\/4808"}],"wp:attachment":[{"href":"https:\/\/biomedicas.unp.edu.py\/index.php?rest_route=%2Fwp%2Fv2%2Fmedia&parent=4807"}],"wp:term":[{"taxonomy":"category","embeddable":true,"href":"https:\/\/biomedicas.unp.edu.py\/index.php?rest_route=%2Fwp%2Fv2%2Fcategories&post=4807"},{"taxonomy":"post_tag","embeddable":true,"href":"https:\/\/biomedicas.unp.edu.py\/index.php?rest_route=%2Fwp%2Fv2%2Ftags&post=4807"}],"curies":[{"name":"wp","href":"https:\/\/api.w.org\/{rel}","templated":true}]}}